{"id":7980,"date":"2026-03-11T09:35:31","date_gmt":"2026-03-11T09:35:31","guid":{"rendered":"https:\/\/www.oneeden.com\/eventos-de-primavera-en-la-costa-del-sol-que-no-querra-perderse\/"},"modified":"2026-03-11T09:35:31","modified_gmt":"2026-03-11T09:35:31","slug":"eventos-de-primavera-en-la-costa-del-sol-que-no-querra-perderse","status":"publish","type":"post","link":"https:\/\/www.oneeden.com\/es\/eventos-de-primavera-en-la-costa-del-sol-que-no-querra-perderse\/","title":{"rendered":"Eventos de primavera en la Costa del Sol que no querr\u00e1 perderse"},"content":{"rendered":"<p style=\"font-weight: 400;\">Todas las estaciones son nuestras favoritas, aunque quiz\u00e1 la primavera tenga un lugar especial. Tal vez sea porque dejamos atr\u00e1s el invierno, aunque en la Costa del Sol los meses invernales siguen siendo luminosos y templados, o quiz\u00e1 porque sabemos que se acercan los largos d\u00edas de verano. Sea cual sea la raz\u00f3n, la primavera aqu\u00ed tiene un atractivo propio. Las terrazas vuelven a llenarse, las tardes se alargan y la agenda cultural cobra impulso.   <\/p>\n<p style=\"font-weight: 400;\">Es una de las \u00e9pocas m\u00e1s agradables del a\u00f1o para estar aqu\u00ed. El sol acompa\u00f1a sin la intensidad del pleno verano, las playas amplicas y apetecibles, y la agenda de eventos empieza a cobrar vida. Entre M\u00e1laga, Marbella y sus alrededores, la primavera trae una vibrante combinaci\u00f3n de festivales de cine, grandes citas deportivas, conciertos y celebraciones andaluzas tradicionales.  <\/p>\n<p style=\"font-weight: 400;\">Tanto si vive aqu\u00ed como si tiene una seg funda residencia en la zona, estos son algunos de los eventos por los que merece la pena visitar la Costa del Sol en esta \u00e9poca del a\u00f1o.<\/p>\n<h3 style=\"font-weight: 400;\"><strong>Festival de M\u00e1laga<\/strong><\/h3>\n<p style=\"font-weight: 400;\"><em>6-15 de marzo de 2026<br \/>\nTeatro Cervantes, Cine Alb\u00e9niz y otras ubicaciones del centro de M\u00e1laga<\/em><\/p>\n<p style=\"font-weight: 400;\">Uno de los eventos culturales m\u00e1s prestigiosos de Espa\u00f1a llega cada mes de marzo a M\u00e1laga. El Festival de M\u00e1laga celebra el cine espa\u00f1ol e iberoamericano y se ha consolidado como una de las citas cinematogr\u00e1ficas m\u00e1s relevantes del pa\u00eds. <\/p>\n<p style=\"font-weight: 400;\">La edici\u00f3n de 2026 se celebra del 6 al 15 de marzo y tiene como epicentro el hist\u00f3rico Teatro Cervantes, en pleno coraz\u00f3n de la ciudad. A lo largo de diez d\u00edas, los visitantes pueden asistir a estrenos de largometrajes, documentales y cortos, adem\u00e1s de presentaciones y encuentros de la industria. <\/p>\n<p style=\"font-weight: 400;\">El festival culmina con la entrega de las Biznagas, que reconocen las mejores pel\u00edculas proyectadas durante el certamen. M\u00e1s all\u00e1 de las proyecciones, parte del atractivo est\u00e1 en el ambiente que se vive en el centro hist\u00f3rico de M\u00e1laga. En torno a Calle Larios, Plaza de la Merced y la zona del puerto, caf\u00e9s y terrazas se llenan de cineastas famosos, actores y amantes del cine que comentan los \u00faltimos estrenos hasta bien entrada la noche.  <\/p>\n<p style=\"font-weight: 400;\">Para quienes disfrutan del cine y la cultura, M\u00e1laga durante el festival ofrece una experiencia din\u00e1mica y especialmente atractiva.<\/p>\n<h3 style=\"font-weight: 400;\"><strong>Semana Santa de M\u00e1laga<\/strong><\/h3>\n<p style=\"font-weight: 400;\"><em>29 de marzo &#8211; 5 de abril de 2026<br \/>\nCentro hist\u00f3rico de M\u00e1laga<\/em><\/p>\n<p style=\"font-weight: 400;\">Pocos acontecimientos reflejan con tanta fuerza el esp\u00edritu cultural de Andaluc\u00eda como la Semana Santa. Las celebraciones malague\u00f1as se desarrollan del 29 de marzo al 5 de abril de 2026 y convierten el centro hist\u00f3rico en el escenario de una de las tradiciones religiosas m\u00e1s sobrecogedoras de Espa\u00f1a. <\/p>\n<p style=\"font-weight: 400;\">A lo largo de la semana, las cofrad\u00edas recorren la ciudad portando elaborados tronos con im\u00e1genes religiosas. Estas impresionantes estructuras pueden pesar varias toneladas y son llevadas por cofrades devotos que avanzan con paso medido y perfectamente coordinado. Las bandas acompa\u00f1an las procesiones, el incienso llena el aire y miles de personas se congregan en las calles para contemplarlas.  <\/p>\n<p style=\"font-weight: 400;\">Los principales recorridos pasan por zonas como Calle Larios, Plaza de la Constituci\u00f3n y la Catedral de M\u00e1laga, aunque algunos de los momentos m\u00e1s especiales se viven en las calles m\u00e1s estrechas del casco antiguo. La luz de las velas, la m\u00fasica y este ritual centenario se unen para crear un espect\u00e1culo inolvidable que atrae a visitantes de toda Europa y de otros muchos lugares. <\/p>\n<p style=\"font-weight: 400;\">Incluso para quien la vive por primera vez, es una experiencia emocionante y visualmente extraordinaria que ofrece una valiosa mirada a la cultura andaluza.<\/p>\n<p style=\"font-weight: 400;\">Muchas localidades de la Costa del Sol celebran tambi\u00e9n sus propias procesiones, pero merece la pena hacer el esfuerzo de ir a M\u00e1laga al menos una vez.<\/p>\n<h3 style=\"font-weight: 400;\"><strong>Conciertos de primavera en Marbella Arena<\/strong><\/h3>\n<p style=\"font-weight: 400;\"><em>22-23 de mayo de 2026<br \/>\nMarbella Arena, Nueva Andaluc\u00eda (sobre Puerto Ban\u00fas)<\/em><\/p>\n<p style=\"font-weight: 400;\">A medida que la primavera avanza hacia el inicio del verano, la agenda de ocio de Marbella empieza a activarse. Uno de los espacios que marca cada a\u00f1o el comienzo de la temporada es Marbella Arena, un recinto de conciertos al aire libre construido dentro de la antigua plaza de toros, justo sobre Puerto Ban\u00fas. <\/p>\n<p style=\"font-weight: 400;\">El viernes 22 de mayo de 2026, el artista brit\u00e1nico de house Max Dean actuar\u00e1 en el recinto, llevando su en\u00e9rgico sonido electr\u00f3nico a Marbella en un directo de gran proyecci\u00f3n. Conocido por sus actuaciones en festivales y clubes de referencia en Europa, su set promete un ambiente vibrante y un p\u00fablico internacional. <\/p>\n<p style=\"font-weight: 400;\">La noche siguiente, el s\u00e1bado 23 de mayo, el recinto acoger\u00e1 la RnB &amp; Slow Jams Experience. El evento celebra los grandes cl\u00e1sicos del RnB y el soul con actuaciones en directo y sesiones de DJ con algunos de los temas m\u00e1s reconocibles del g\u00e9nero. Con las suaves noches de primavera y el formato al aire libre del espacio, es una forma ideal de disfrutar de la vida nocturna de Marbella cuando la temporada empieza a despegar.  <\/p>\n<p style=\"font-weight: 400;\">Marbella Arena se ha consolidado r\u00e1pidamente como uno de los recintos m\u00e1s singulares de la costa, combinando una ac\u00fastica cuidada con un dise\u00f1o circular de anfiteatro que crea una atm\u00f3sfera \u00edntima y, al mismo tiempo, llena de energ\u00eda.<\/p>\n<h3 style=\"font-weight: 400;\"><strong>Serie Internacional de Primavera de Polo de Sotogrande<\/strong><\/h3>\n<p style=\"font-weight: 400;\"><em>Abril &#8211; mayo de 2026<br \/>\nAyala Polo Club, Sotogrande<\/em><\/p>\n<p style=\"font-weight: 400;\">A poca distancia en coche de Alcaidesa, los campos de polo de Sotogrande inician su temporada durante la primavera con una serie de torneos internacionales celebrados en Ayala Polo Club.<\/p>\n<p style=\"font-weight: 400;\">Sotogrande lleva d\u00e9cadas asociada al polo de primer nivel y la serie de primavera ofrece una elegante introducci\u00f3n a este deporte antes de los famosos torneos de verano. Los partidos suelen disputarse por la tarde y permiten a los asistentes disfrutar desde la banda del ambiente relajado y del entorno natural que define esta zona. <\/p>\n<p style=\"font-weight: 400;\">Jugadores internacionales compiten a lo largo de varios fines de semana y el ambiente es social y acogedor. Los visitantes pueden recorrer el club, disfrutar de un aperitivo y vivir esa combinaci\u00f3n \u00fanica de deporte y estilo de vida que ha convertido a Sotogrande en uno de los destinos de polo m\u00e1s reconocidos de Europa. <\/p>\n<p style=\"font-weight: 400;\">Para los residentes de Alcaidesa y de las zonas cercanas, es un plan c\u00f3modo y agradable que refleja a la perfecci\u00f3n el estilo de vida al aire libre de la regi\u00f3n.<\/p>\n<h3 style=\"font-weight: 400;\"><strong>La primavera en la Costa del Sol<\/strong><\/h3>\n<p style=\"font-weight: 400;\">Eventos como estos reflejan uno de los muchos atractivos de vivir en la Costa del Sol. En un corto trayecto en coche es posible asistir a un festival internacional de cine, disfrutar de deporte de primer nivel, vivir un concierto al aire libre o acercarse a tradiciones que forman parte de la cultura andaluza desde hace siglos. <\/p>\n<p style=\"font-weight: 400;\">La primavera re\u00fane todo ello en un momento en el que el clima invita a disfrutar, la costa se siente relajada y la regi\u00f3n vuelve a llenarse de energ\u00eda tras los meses m\u00e1s tranquilos del invierno. Es una de esas \u00e9pocas en las que la Costa del Sol se muestra especialmente vibrante. <\/p>\n<h3 style=\"font-weight: 400;\"><strong>Descubra la vida en la Costa del Sol con One Eden<\/strong><\/h3>\n<p style=\"font-weight: 400;\">En One Eden, nos especializamos en propiedades excepcionales en algunas de las ubicaciones m\u00e1s deseadas de la regi\u00f3n, con f\u00e1cil acceso a los grandes eventos de M\u00e1laga, Marbella y Alcaidesa. Si est\u00e1 valorando mudarse a la Costa del Sol o invertir en su segunda residencia, <a href=\"https:\/\/www.oneeden.com\/es\/ponte-en-contacto-con\/\">p\u00f3ngase en contacto con One Eden<\/a> y descubra las oportunidades disponibles a lo largo de este extraordinario litoral. <\/p>\n","protected":false},"excerpt":{"rendered":"<p>Todas las estaciones son nuestras favoritas, aunque quiz\u00e1 la primavera tenga un lugar especial. Tal vez sea porque dejamos atr\u00e1s el invierno, aunque en la Costa del Sol los meses invernales siguen siendo luminosos y templados, o quiz\u00e1 porque sabemos que se acercan los largos d\u00edas de verano. Sea cual sea la raz\u00f3n, la primavera [&hellip;]<\/p>\n","protected":false},"author":2,"featured_media":7977,"comment_status":"closed","ping_status":"open","sticky":false,"template":"","format":"standard","meta":{"content-type":"","footnotes":""},"categories":[343,244],"tags":[],"class_list":["post-7980","post","type-post","status-publish","format-standard","has-post-thumbnail","hentry","category-events","category-blog"],"_links":{"self":[{"href":"https:\/\/www.oneeden.com\/es\/wp-json\/wp\/v2\/posts\/7980","targetHints":{"allow":["GET"]}}],"collection":[{"href":"https:\/\/www.oneeden.com\/es\/wp-json\/wp\/v2\/posts"}],"about":[{"href":"https:\/\/www.oneeden.com\/es\/wp-json\/wp\/v2\/types\/post"}],"author":[{"embeddable":true,"href":"https:\/\/www.oneeden.com\/es\/wp-json\/wp\/v2\/users\/2"}],"replies":[{"embeddable":true,"href":"https:\/\/www.oneeden.com\/es\/wp-json\/wp\/v2\/comments?post=7980"}],"version-history":[{"count":0,"href":"https:\/\/www.oneeden.com\/es\/wp-json\/wp\/v2\/posts\/7980\/revisions"}],"wp:featuredmedia":[{"embeddable":true,"href":"https:\/\/www.oneeden.com\/es\/wp-json\/wp\/v2\/media\/7977"}],"wp:attachment":[{"href":"https:\/\/www.oneeden.com\/es\/wp-json\/wp\/v2\/media?parent=7980"}],"wp:term":[{"taxonomy":"category","embeddable":true,"href":"https:\/\/www.oneeden.com\/es\/wp-json\/wp\/v2\/categories?post=7980"},{"taxonomy":"post_tag","embeddable":true,"href":"https:\/\/www.oneeden.com\/es\/wp-json\/wp\/v2\/tags?post=7980"}],"curies":[{"name":"wp","href":"https:\/\/api.w.org\/{rel}","templated":true}]}}