{"id":7524,"date":"2025-12-01T13:27:05","date_gmt":"2025-12-01T13:27:05","guid":{"rendered":"https:\/\/www.oneeden.com\/dia-de-la-constitucion-comprender-el-significado-de-esta-fiesta-nacional\/"},"modified":"2025-12-01T13:27:05","modified_gmt":"2025-12-01T13:27:05","slug":"dia-de-la-constitucion-comprender-el-significado-de-esta-fiesta-nacional","status":"publish","type":"post","link":"https:\/\/www.oneeden.com\/es\/dia-de-la-constitucion-comprender-el-significado-de-esta-fiesta-nacional\/","title":{"rendered":"D\u00eda de la Constituci\u00f3n: comprender el significado de esta fiesta nacional"},"content":{"rendered":"<p><img fetchpriority=\"high\" decoding=\"async\" class=\"alignnone wp-image-7518 size-full\" src=\"https:\/\/www.oneeden.com\/wp-content\/uploads\/2025\/12\/shutterstock_1953899731.jpg\" alt=\"D\u00eda de la Constituci\u00f3n\" width=\"1000\" height=\"667\" srcset=\"https:\/\/www.oneeden.com\/wp-content\/uploads\/2025\/12\/shutterstock_1953899731.jpg 1000w, https:\/\/www.oneeden.com\/wp-content\/uploads\/2025\/12\/shutterstock_1953899731-300x200.jpg 300w, https:\/\/www.oneeden.com\/wp-content\/uploads\/2025\/12\/shutterstock_1953899731-768x512.jpg 768w\" sizes=\"(max-width: 1000px) 100vw, 1000px\" \/><\/p>\n<p style=\"font-weight: 400;\">Si tiene hijos en edad escolar en Espa\u00f1a, es posible que ya haya o\u00eddo hablar del pr\u00f3ximo festivo del D\u00eda de la Constituci\u00f3n: por qu\u00e9 se celebra, qu\u00e9 representa y c\u00f3mo ha influido en el pa\u00eds en el que est\u00e1n creciendo. Cada diciembre, los colegios lo celebran con actos como el izado de la bandera y lecturas de la propia Constituci\u00f3n, ayudando a los estudiantes a comprender los valores que promueve: libertad, igualdad y respeto hacia los dem\u00e1s. Es uno de esos momentos que recuerdan a familias, locales y reci\u00e9n llegados lo profundamente que Espa\u00f1a valora su democracia y su sentido de comunidad.  <\/p>\n<h3 style=\"font-weight: 400;\"><strong>Un momento decisivo en la Espa\u00f1a moderna<\/strong><\/h3>\n<p style=\"font-weight: 400;\">La celebraci\u00f3n tiene lugar cada 6 de diciembre y conmemora el refer\u00e9ndum de 1978, en el que los ciudadanos espa\u00f1oles votaron de forma abrumadora a favor de aprobar una nueva Constituci\u00f3n. Este documento fue el pilar fundamental de la transici\u00f3n democr\u00e1tica del pa\u00eds tras el fallecimiento del general Francisco Franco en 1975, que puso fin a casi cuatro d\u00e9cadas de dictadura. Fue un punto de inflexi\u00f3n en la historia moderna de Espa\u00f1a, al establecer los derechos y principios que sostienen la vida en el pa\u00eds tal y como la conocemos hoy.  <\/p>\n<h3 style=\"font-weight: 400;\"><strong>Tradici\u00f3n y celebraci\u00f3n en todo el pa\u00eds<\/strong><\/h3>\n<p style=\"font-weight: 400;\">En toda Espa\u00f1a, el d\u00eda se celebra con una mezcla de actos oficiales y momentos de ocio. En Madrid, el Congreso de los Diputados abre sus puertas al p\u00fablico, permitiendo a los visitantes adentrarse en las salas donde se hizo historia. Tambi\u00e9n hay ceremonias de izado de bandera, conciertos y discursos en honor a la generaci\u00f3n que impuls\u00f3 la democracia espa\u00f1ola. Al mismo tiempo, escuelas y ayuntamientos organizan exposiciones y actividades c\u00edvicas dise\u00f1adas para acercar la Constituci\u00f3n a todas las edades   <\/p>\n<h3 style=\"font-weight: 400;\"><strong>Un inicio festivo para diciembre<\/strong><\/h3>\n<p style=\"font-weight: 400;\">Como en muchas celebraciones espa\u00f1olas, tambi\u00e9n hay un toque de ligereza. El festivo cae justo antes del D\u00eda de la Inmaculada Concepci\u00f3n, el 8 de diciembre, por lo que muchas personas disfrutan de un puente que se vive como el comienzo no oficial de la Navidad. Las calles se iluminan, los mercados navide\u00f1os comienzan a abrir y los caf\u00e9s y parques se llenan de familias que aprovechan la ocasi\u00f3n para desconectar y disfrutar del ambiente.  <\/p>\n<h3 style=\"font-weight: 400;\"><strong>Enel Sur de Espa\u00f1a, en La Costa del Sol<\/strong><\/h3>\n<p style=\"font-weight: 400;\">Aqu\u00ed, en el sur, la festividad se vive con un encanto especial. El clima suave del invierno invita a salir a pasear por los paseos mar\u00edtimos, disfrutar de largos almuerzos al sol o visitar pueblos cercanos ya decorados para las fiestas. Mientras el norte de Europa tiembla de fr\u00edo, la Costa del Sol sigue ba\u00f1ada en cielos despejados y d\u00edas luminosos. Es f\u00e1cil comprender la atracci\u00f3n de un estilo de vida que se desarrolla mayoritariamente al aire libre.   <\/p>\n<h3 style=\"font-weight: 400;\"><strong>Un d\u00eda de reflexi\u00f3n y conexi\u00f3n<\/strong><\/h3>\n<p style=\"font-weight: 400;\">Lo que hace especial al D\u00eda de la Constituci\u00f3n no es solo su importancia hist\u00f3rica, sino tambi\u00e9n la gratitud compartida por c\u00f3mo Espa\u00f1a ha crecido y evolucionado. Es un d\u00eda que une a las personas, cuando los vecinos se encuentran en plazas sombreadas y las generaciones mayores comparten recuerdos de las primeras elecciones libres. Refleja lo que hace tan atractivo el estilo de vida espa\u00f1ol: una calidez natural que invita a conectar.  <\/p>\n<h3 style=\"font-weight: 400;\"><strong>El gran puente de Diciembre<\/strong><\/h3>\n<p style=\"font-weight: 400;\">Muchas personas aprovechan el puente para hacer peque\u00f1as escapadas, visitar a la familia en otras ciudades o disfrutar de unos d\u00edas tranquilos en la costa antes de la Navidad. Es uno de los momentos m\u00e1s apacibles del a\u00f1o, cuando el mar est\u00e1 en calma, el aire es fresco y el ritmo de vida se suaviza. Para los residentes internacionales, tambi\u00e9n es una forma encantadora de sentirse parte de las tradiciones locales, haya pasado mucho o poco tiempo desde su llegada.  <\/p>\n<h3 style=\"font-weight: 400;\"><strong>Un recordatorio del encanto perdurable de Espa\u00f1a<\/strong><\/h3>\n<p style=\"font-weight: 400;\">Este d\u00eda nos recuerda por qu\u00e9 Espa\u00f1a contin\u00faa atrayendo a tantas personas. Es un pa\u00eds que se ha modernizado sin perder su car\u00e1cter local, donde la vida cotidiana sigue girando en torno a las personas y al sentido de lugar. Aunque el D\u00eda de la Constituci\u00f3n conmemora un hito clave de la historia democr\u00e1tica del pa\u00eds, tambi\u00e9n es una celebraci\u00f3n de la familia, el buen clima y ese sentimiento de pertenencia tan caracter\u00edstico.  <\/p>\n<h3 style=\"font-weight: 400;\"><strong>La conexi\u00f3n con One Eden<\/strong><\/h3>\n<p style=\"font-weight: 400;\">En One Eden construimos con esos mismos principios en mente: calidad, confort y una profunda conexi\u00f3n con el entorno. Nuestros proyectos en el sur de Espa\u00f1a est\u00e1n concebidos como aut\u00e9nticas comunidades, integradas en las localidades que las rodean. Ofrecen un verdadero sentido de pertenencia que refleja el esp\u00edritu acogedor que define la vida en Espa\u00f1a.<br \/>Descubra m\u00e1s en <a href=\"https:\/\/www.oneeden.com\/es\/\">www.oneeden.com<\/a>   <\/p>\n","protected":false},"excerpt":{"rendered":"<p>Si tiene hijos en edad escolar en Espa\u00f1a, es posible que ya haya o\u00eddo hablar del pr\u00f3ximo festivo del D\u00eda de la Constituci\u00f3n: por qu\u00e9 se celebra, qu\u00e9 representa y c\u00f3mo ha influido en el pa\u00eds en el que est\u00e1n creciendo. Cada diciembre, los colegios lo celebran con actos como el izado de la bandera [&hellip;]<\/p>\n","protected":false},"author":2,"featured_media":7521,"comment_status":"open","ping_status":"open","sticky":false,"template":"","format":"standard","meta":{"content-type":"","footnotes":""},"categories":[],"tags":[],"class_list":["post-7524","post","type-post","status-publish","format-standard","has-post-thumbnail","hentry"],"_links":{"self":[{"href":"https:\/\/www.oneeden.com\/es\/wp-json\/wp\/v2\/posts\/7524","targetHints":{"allow":["GET"]}}],"collection":[{"href":"https:\/\/www.oneeden.com\/es\/wp-json\/wp\/v2\/posts"}],"about":[{"href":"https:\/\/www.oneeden.com\/es\/wp-json\/wp\/v2\/types\/post"}],"author":[{"embeddable":true,"href":"https:\/\/www.oneeden.com\/es\/wp-json\/wp\/v2\/users\/2"}],"replies":[{"embeddable":true,"href":"https:\/\/www.oneeden.com\/es\/wp-json\/wp\/v2\/comments?post=7524"}],"version-history":[{"count":0,"href":"https:\/\/www.oneeden.com\/es\/wp-json\/wp\/v2\/posts\/7524\/revisions"}],"wp:featuredmedia":[{"embeddable":true,"href":"https:\/\/www.oneeden.com\/es\/wp-json\/wp\/v2\/media\/7521"}],"wp:attachment":[{"href":"https:\/\/www.oneeden.com\/es\/wp-json\/wp\/v2\/media?parent=7524"}],"wp:term":[{"taxonomy":"category","embeddable":true,"href":"https:\/\/www.oneeden.com\/es\/wp-json\/wp\/v2\/categories?post=7524"},{"taxonomy":"post_tag","embeddable":true,"href":"https:\/\/www.oneeden.com\/es\/wp-json\/wp\/v2\/tags?post=7524"}],"curies":[{"name":"wp","href":"https:\/\/api.w.org\/{rel}","templated":true}]}}