{"id":6666,"date":"2025-05-06T15:36:58","date_gmt":"2025-05-06T14:36:58","guid":{"rendered":"https:\/\/www.oneeden.com\/mayo-2025-en-mijas-fiestas-flamenco-comida-y-diversion-en-familia\/"},"modified":"2025-05-06T15:36:58","modified_gmt":"2025-05-06T14:36:58","slug":"mayo-2025-en-mijas-fiestas-flamenco-comida-y-diversion-en-familia","status":"publish","type":"post","link":"https:\/\/www.oneeden.com\/es\/mayo-2025-en-mijas-fiestas-flamenco-comida-y-diversion-en-familia\/","title":{"rendered":"Mayo 2025 en Mijas: fiestas, flamenco, comida y diversi\u00f3n en familia"},"content":{"rendered":"<p>&nbsp;<\/p>\n<p><img fetchpriority=\"high\" decoding=\"async\" class=\"size-full wp-image-6165\" src=\"https:\/\/www.oneeden.com\/wp-content\/uploads\/2025\/05\/kids-having-fun-on-a-carnival-carousel.webp\" alt=\"Ni\u00f1os divirti\u00e9ndose en un carrusel de feria\" width=\"1920\" height=\"1280\" srcset=\"https:\/\/www.oneeden.com\/wp-content\/uploads\/2025\/05\/kids-having-fun-on-a-carnival-carousel.webp 1920w, https:\/\/www.oneeden.com\/wp-content\/uploads\/2025\/05\/kids-having-fun-on-a-carnival-carousel-300x200.webp 300w, https:\/\/www.oneeden.com\/wp-content\/uploads\/2025\/05\/kids-having-fun-on-a-carnival-carousel-1024x682.webp 1024w, https:\/\/www.oneeden.com\/wp-content\/uploads\/2025\/05\/kids-having-fun-on-a-carnival-carousel-768x512.webp 768w, https:\/\/www.oneeden.com\/wp-content\/uploads\/2025\/05\/kids-having-fun-on-a-carnival-carousel-1536x1024.webp 1536w\" sizes=\"(max-width: 1920px) 100vw, 1920px\" \/><\/p>\n<p style=\"font-weight: 400;\">Tanto si est\u00e1s en el interior, en el encantador pueblo encalado de Mijas, como en la costa, en La Cala de Mijas, ahora es el momento de iniciar la cuenta atr\u00e1s para la temporada de verano con un calendario repleto de acontecimientos en mayo de 2025. Hay algo para todos los gustos, desde festivales culturales en el pueblo hasta diversi\u00f3n junto al mar en La Cala. Hemos preparado una gu\u00eda de los eventos de este mes, y estamos seguros de que hay algo que te gustar\u00e1.  <\/p>\n<h2 style=\"font-weight: 400;\"><strong>Fiestas culturales y tradiciones locales<\/strong><\/h2>\n<h4 style=\"font-weight: 400;\"><strong>D\u00eda Internacional de los Pueblos (D\u00eda Internacional de Mijas)<\/strong> <em>Mediados de mayo, Mijas Pueblo (consulta la prensa local para conocer las fechas exactas)<\/em>:<\/h4>\n<p style=\"font-weight: 400;\">Mijas tiene una de las poblaciones m\u00e1s cosmopolitas de la Costa del Sol, por eso el D\u00eda Internacional de los Pueblos convierte Mijas Pueblo en una divertida feria multicultural, que suele celebrarse el tercer s\u00e1bado de mayo. M\u00e1s de 30 pa\u00edses muestran su cultura, artesan\u00eda, m\u00fasica, danza y gastronom\u00eda. Los visitantes pueden deambular por los puestos para probar cocinas globales y disfrutar de actuaciones en directo. Este festival familiar celebra la diversidad de la comunidad de Mijas y crece en popularidad cada a\u00f1o. Es una fiesta de sabores internacionales y diversi\u00f3n que dura todo el d\u00eda, ideal para que residentes y turistas estrechen lazos en torno a la comida, la m\u00fasica y el intercambio cultural.    <\/p>\n<h4 style=\"font-weight: 400;\"><strong>Caminata ben\u00e9fica \u00abDe la oscuridad a la luz<\/strong> <em>0600 del 10 de Mayo, La Cala de Mijas<\/em><\/h4>\n<p style=\"font-weight: 400;\">En las primeras horas del 10 de mayo, \u00fanete a cientos de lugare\u00f1os en una caminata al amanecer de 5 km por el impresionante paseo mar\u00edtimo costero de La Cala, como parte de una iniciativa mundial de prevenci\u00f3n del suicidio. Comenzando a las 6 de la ma\u00f1ana en el paseo mar\u00edtimo de La Cala, los participantes caminar\u00e1n desde la oscuridad hasta el amanecer para recaudar fondos y concienciar sobre la salud mental, en colaboraci\u00f3n con Pieta House y la organizaci\u00f3n ben\u00e9fica local Afesol. Es un acto conmovedor, impulsado por la comunidad, que simboliza la esperanza y la unidad, un recordatorio del esp\u00edritu solidario de Mijas.  <\/p>\n<h4 style=\"font-weight: 400;\"><strong>Gran Inauguraci\u00f3n del Gran Parque de Mijas<\/strong> <em>Finales de mayo (fecha por confirmar), Las Lagunas<\/em><\/h4>\n<p style=\"font-weight: 400;\">Mijas celebra por fin la inauguraci\u00f3n del Gran Parque de Mijas, el mayor espacio verde de la Costa del Sol, cuya apertura est\u00e1 prevista para mayo de 2025. Con una extensi\u00f3n de 27 hect\u00e1reas (270.000 m\u00b2), este amplio parque cuenta con 2.900 \u00e1rboles, parques infantiles, instalaciones deportivas, un lago y un anfiteatro. El acto de inauguraci\u00f3n promete actividades para toda la familia y un primer vistazo a este impresionante \u00abpulm\u00f3n verde\u00bb para la regi\u00f3n. La fecha exacta de la inauguraci\u00f3n se confirmar\u00e1 mediante anuncios del Ayuntamiento de Mijas, as\u00ed que estate atento a la prensa local para no perderte la diversi\u00f3n.   <\/p>\n<h2 style=\"font-weight: 400;\"><strong>M\u00fasica y espect\u00e1culo  <\/strong><\/h2>\n<h4 style=\"font-weight: 400;\"><strong>Espect\u00e1culos Flamencos Gratuitos y Mercado Artesanal<\/strong> <em>Mi\u00e9rcoles y s\u00e1bados, Mijas Pueblo<\/em><\/h4>\n<p style=\"font-weight: 400;\">Vive el aut\u00e9ntico baile flamenco al aire libre, por cortes\u00eda del Departamento de Turismo de Mijas. Todos los mi\u00e9rcoles a las 12.00, la Plaza Virgen de la Pe\u00f1a de Mijas Pueblo cobra vida con un espect\u00e1culo flamenco gratuito, acompa\u00f1ado de un mercadillo artesanal de 9.00 a 14.30. Los s\u00e1bados al mediod\u00eda, el flamenco se traslada a la Plaza de la Constituci\u00f3n. Estas actuaciones tradicionales ofrecen una visi\u00f3n de la cultura andaluza, y el mercadillo de artesan\u00eda adyacente es perfecto para comprar arte local, cer\u00e1mica o recuerdos mientras disfrutas del espect\u00e1culo. (Consejo: Aparcar en Mijas Pueblo es gratis la primera hora, y s\u00f3lo 1 euro hasta 9 horas).    <\/p>\n<h4 style=\"font-weight: 400;\"><strong>Concierto Ben\u00e9fico \u00abCantando para los animales<\/strong> <em>Domingo, 11 de mayo, Las Lagunas<\/em><\/h4>\n<p style=\"font-weight: 400;\">El 11 de mayo, en el Teatro Manuel Espa\u00f1a de la costa de Las Lagunas, m\u00fasicos y coros locales presentan \u00abCantando para los animales\u00bb, un concierto ben\u00e9fico a favor de la protecci\u00f3n de los animales. Este evento vespertino combina m\u00fasica en directo con una buena causa, recaudando fondos para refugios de animales. Las familias y los amantes de los animales son bienvenidos; los ni\u00f1os suelen deleitarse con las canciones y quiz\u00e1s con el cameo de alg\u00fan amigo peludo. Es un ejemplo de c\u00f3mo la escena cultural de Mijas se vincula a menudo con el apoyo a la comunidad.   <\/p>\n<h4 style=\"font-weight: 400;\"><strong>Stand-Up comedy en ingl\u00e9s<\/strong> <em>Martes, 20 de mayo, Las Lagunas<\/em><\/h4>\n<p style=\"font-weight: 400;\">Las risas llenan el aire en The Cazbah Live Lounge de Las Lagunas con una noche de stand-up comedy en ingl\u00e9s el 20 de mayo a las 20.30. Organizada por Stand-Up Comedy Spain, esta velada re\u00fane a expatriados y aut\u00f3ctonos en una divertida noche de chistes y narraciones. Con entrada gratuita (se recomienda reservar), es una salida relajada, especialmente popular entre la comunidad internacional de Mijas. El bar ofrece comida y bebida para completar la velada.   <\/p>\n<h2 style=\"font-weight: 400;\"><strong>Eventos de comida y bebida<\/strong><\/h2>\n<h4 style=\"font-weight: 400;\"><strong>La Cala &#8216;Sardinada&#8217; (Fiesta de la Sardina)<\/strong> <em>Tradici\u00f3n anual del 1 de mayo, Playa de La Cala<\/em><\/h4>\n<p style=\"font-weight: 400;\">Aunque esto ocurri\u00f3 el 1 de mayo, merece la pena mencionarlo porque marca el tono de mayo. Cada a\u00f1o, el 1 de mayo, La Cala de Mijas celebra el D\u00eda de la Sardina en primera l\u00ednea de playa, asando m\u00e1s de 600 kg de sardinas frescas en hogueras y sirvi\u00e9ndolas gratis al p\u00fablico. El ambiente festivo incluye m\u00fasica flamenca, baile y juegos de playa. Es la forma que tiene la Costa del Sol de dar la bienvenida al verano. Si te lo perdiste, marca tu calendario para el a\u00f1o que viene: \u00a1es una experiencia local imprescindible!    <\/p>\n<h4 style=\"font-weight: 400;\"><strong>Maridaje andaluz<\/strong> <em>Mediados de mayo, Mijas Pueblo<\/em><\/h4>\n<p style=\"font-weight: 400;\">Los amantes del vino disfrutar\u00e1n de una Cata de Vinos Andaluces en una bodega local o en un centro cultural de Mijas Pueblo (las fechas var\u00edan; a menudo a mediados de mes). Por ejemplo, Pura Cepa Mijas, en La Cala, organiza catas de vino -una de ellas tuvo lugar el 2 de mayo de 2025- y eventos similares van apareciendo a lo largo de mayo. Estas catas presentan vinos regionales (piensa en tintos de Ronda, vinos dulces de M\u00e1laga, jereces) maridados con quesos y tapas locales. Se trata de una velada social en la que beber, oler y sorber mientras se aprende sobre el rico patrimonio vin\u00edcola de Andaluc\u00eda.   <\/p>\n<h4 style=\"font-weight: 400;\"><strong>Feria de Primavera y Desfile de Moda de los Leones de La Cala<\/strong> <em>Domingo 25 de mayo, Parque Butibamba<\/em><\/h4>\n<p style=\"font-weight: 400;\">La Feria de Primavera del Club de Leones de La Cala de Mijas, un acontecimiento muy querido por la comunidad, comienza a las 11.00 del 25 de mayo en el Parque de la Butibamba (La Cala). Esta feria de entrada libre cuenta con m\u00e1s de 50 puestos de artesan\u00eda, joyer\u00eda y productos locales, un cami\u00f3n de comida y entretenimiento en directo durante todo el d\u00eda. El punto culminante es un desfile de moda en el que se exhiben trajes de la Tienda Ben\u00e9fica de los Leones, todos a la venta para apoyar obras ben\u00e9ficas. Es un d\u00eda para toda la familia con un factor de bienestar: disfruta de las compras, la m\u00fasica e incluso de las \u00faltimas tendencias de una boutique local, todo ello mientras apoyas causas comunitarias.   <\/p>\n<h4 style=\"font-weight: 400;\"><strong>Talla de At\u00fan Rojo (Ronqueo del At\u00fan)<\/strong> <em>S\u00e1bado 10 de mayo, La Cala Resort<\/em><\/h4>\n<p style=\"font-weight: 400;\">Para celebrar la tradici\u00f3n marinera de Andaluc\u00eda, La Cala Resort organiza un \u00abRonqueo de At\u00fan Rojo\u00bb el 10 de mayo. En este espect\u00e1culo culinario \u00fanico, un maestro trinchador despieza un at\u00fan gigante, explicando cada corte, una antigua tradici\u00f3n costera. Tras el despiece, los invitados podr\u00e1n degustar tapas de at\u00fan fresco y maridajes de vino. Es una experiencia educativa y apetitosa a partes iguales, que ilustra la conexi\u00f3n de la Costa del Sol con el mar. (Normalmente es necesario reservar a trav\u00e9s del calendario de eventos gastron\u00f3micos del complejo).    <\/p>\n<h2 style=\"font-weight: 400;\"><strong>Actividades familiares y al aire libre<\/strong><\/h2>\n<h4 style=\"font-weight: 400;\"><strong>Mercadillo y Feria de Mijas<\/strong> <em>Viernes, 10 y 24 de mayo, Las Lagunas<\/em><\/h4>\n<p style=\"font-weight: 400;\">El mercadillo quincenal de Mijas en Las Lagunas (recinto ferial) es un tesoro para los cazadores de gangas. Los viernes encontrar\u00e1s puestos que venden de todo, desde productos frescos y especias hasta ropa, cer\u00e1mica y juguetes. Es animada, bulliciosa y muy local: a los ni\u00f1os les encantar\u00e1 elegir dulces o baratijas divertidas. Mientras est\u00e9s all\u00ed, echa un vistazo a las atracciones de feria permanentes si est\u00e1n abiertas (a veces los fines de semana o en ocasiones especiales). Es una forma estupenda de pasar una ma\u00f1ana mezcl\u00e1ndote con los residentes y practicando un poco de espa\u00f1ol (\u00ab\u00bfCu\u00e1nto cuesta?\u00bb).    <\/p>\n<h2 style=\"font-weight: 400;\"><strong>Experiencias locales \u00fanicas<\/strong><\/h2>\n<h4 style=\"font-weight: 400;\"><strong>Mercado Artesanal Semanal, La Cala<\/strong> <em>Todos los s\u00e1bados, Bulevar de La Cala<\/em><\/h4>\n<p style=\"font-weight: 400;\">Como complemento de la Feria de Primavera de los Leones, La Cala de Mijas tambi\u00e9n acoge un mercadillo semanal los s\u00e1bados (1000-1400) en su bulevar. Echa un vistazo a los puestos que venden verduras ecol\u00f3gicas, mermeladas caseras, panes artesanos y artesan\u00eda. Es m\u00e1s peque\u00f1o que el mercado de los viernes, pero tiene un encantador ambiente local. A menudo hay un rinc\u00f3n de actividades para ni\u00f1os, como pintacaras o un castillo hinchable, lo que lo convierte en una relajada excursi\u00f3n familiar. Compra un pan reci\u00e9n hecho y unas aceitunas, y luego vete a la playa: \u00a1un plan de s\u00e1bado perfecto!    <\/p>\n<p style=\"font-weight: 400;\"><strong>Actividades de un d\u00eda en Mijas<\/strong> &#8211; Si vives cerca de Mijas, o la est\u00e1s explorando como futuro hogar, no te pierdas estas joyas durante todo el a\u00f1o:<\/p>\n<ul style=\"font-weight: 400;\">\n<li><strong>Visita a la F\u00e1brica de Chocolate de Mijas<\/strong>: Los ni\u00f1os (y los adultos) pueden hacer su propia tableta de chocolate en Mayan Monkey Mijas, una peculiar chocolater\u00eda de Mijas Pueblo.<\/li>\n<li><strong>Carromato de Mijas (Museo de Miniaturas<\/strong>): Fascinantes curiosidades diminutas (\u00a1como un grano de arroz pintado!) en el peculiar museo de Mijas Pueblo.<\/li>\n<li><strong>Burro-Taxi Selfie<\/strong>: Los ames o los cuestiones, los burro \u00abtaxis\u00bb son ic\u00f3nicos. Hazte un selfie (con respeto al burro) para conmemorar tu visita. <\/li>\n<\/ul>\n<p style=\"font-weight: 400;\">Royal Palms by One Eden en La Cala de Mijas te sit\u00faa justo en el centro de la acci\u00f3n este mes de mayo, cuando festivales, flamenco, ferias gastron\u00f3micas y eventos familiares llenan el calendario. A pocos minutos de la playa y del centro de la ciudad, esta elegante urbanizaci\u00f3n ofrece a sus residentes acceso a pie a todo. Tanto si buscas esp\u00edritu comunitario, una vida familiar o un gran potencial de inversi\u00f3n, Royal Palms a\u00fana bienestar, comodidad y aut\u00e9ntico encanto local. Descubre la vida que te espera: \u00a1explora Royal Palms hoy mismo!   <\/p>\n","protected":false},"excerpt":{"rendered":"<p>&nbsp; Tanto si est\u00e1s en el interior, en el encantador pueblo encalado de Mijas, como en la costa, en La Cala de Mijas, ahora es el momento de iniciar la cuenta atr\u00e1s para la temporada de verano con un calendario repleto de acontecimientos en mayo de 2025. Hay algo para todos los gustos, desde festivales [&hellip;]<\/p>\n","protected":false},"author":2,"featured_media":6168,"comment_status":"open","ping_status":"open","sticky":false,"template":"","format":"standard","meta":{"content-type":"","footnotes":""},"categories":[],"tags":[],"class_list":["post-6666","post","type-post","status-publish","format-standard","has-post-thumbnail","hentry"],"_links":{"self":[{"href":"https:\/\/www.oneeden.com\/es\/wp-json\/wp\/v2\/posts\/6666","targetHints":{"allow":["GET"]}}],"collection":[{"href":"https:\/\/www.oneeden.com\/es\/wp-json\/wp\/v2\/posts"}],"about":[{"href":"https:\/\/www.oneeden.com\/es\/wp-json\/wp\/v2\/types\/post"}],"author":[{"embeddable":true,"href":"https:\/\/www.oneeden.com\/es\/wp-json\/wp\/v2\/users\/2"}],"replies":[{"embeddable":true,"href":"https:\/\/www.oneeden.com\/es\/wp-json\/wp\/v2\/comments?post=6666"}],"version-history":[{"count":0,"href":"https:\/\/www.oneeden.com\/es\/wp-json\/wp\/v2\/posts\/6666\/revisions"}],"wp:featuredmedia":[{"embeddable":true,"href":"https:\/\/www.oneeden.com\/es\/wp-json\/wp\/v2\/media\/6168"}],"wp:attachment":[{"href":"https:\/\/www.oneeden.com\/es\/wp-json\/wp\/v2\/media?parent=6666"}],"wp:term":[{"taxonomy":"category","embeddable":true,"href":"https:\/\/www.oneeden.com\/es\/wp-json\/wp\/v2\/categories?post=6666"},{"taxonomy":"post_tag","embeddable":true,"href":"https:\/\/www.oneeden.com\/es\/wp-json\/wp\/v2\/tags?post=6666"}],"curies":[{"name":"wp","href":"https:\/\/api.w.org\/{rel}","templated":true}]}}